{"id":2820,"date":"2026-03-24T08:30:46","date_gmt":"2026-03-24T13:30:46","guid":{"rendered":"https:\/\/www.edtij.com\/esp\/?p=2820"},"modified":"2026-03-22T22:11:43","modified_gmt":"2026-03-23T03:11:43","slug":"revision-regimenes-fiscales-panama","status":"publish","type":"post","link":"https:\/\/www.edtij.com\/esp\/revision-regimenes-fiscales-panama\/","title":{"rendered":"Revisi\u00f3n peri\u00f3dica de reg\u00edmenes fiscales en Panam\u00e1: cu\u00e1ndo una estructura deja de convenir"},"content":{"rendered":"<p style=\"text-align: justify;\" data-start=\"962\" data-end=\"1791\"><img fetchpriority=\"high\" decoding=\"async\" class=\"alignleft size-medium wp-image-2819\" src=\"https:\/\/www.edtij.com\/esp\/wp-content\/uploads\/2026\/03\/ChatGPT-Image-22-mar-2026-21_50_02-300x200.png\" alt=\"\" width=\"300\" height=\"200\" srcset=\"https:\/\/www.edtij.com\/esp\/wp-content\/uploads\/2026\/03\/ChatGPT-Image-22-mar-2026-21_50_02-300x200.png 300w, https:\/\/www.edtij.com\/esp\/wp-content\/uploads\/2026\/03\/ChatGPT-Image-22-mar-2026-21_50_02-1024x683.png 1024w, https:\/\/www.edtij.com\/esp\/wp-content\/uploads\/2026\/03\/ChatGPT-Image-22-mar-2026-21_50_02-768x512.png 768w, https:\/\/www.edtij.com\/esp\/wp-content\/uploads\/2026\/03\/ChatGPT-Image-22-mar-2026-21_50_02.png 1536w\" sizes=\"(max-width: 300px) 100vw, 300px\" \/>En Panam\u00e1, hablar de reg\u00edmenes fiscales no equivale solamente a hablar de incentivos. Tambi\u00e9n significa hablar de estructura, coherencia operativa y capacidad de defensa. El sistema paname\u00f1o conserva una ventaja competitiva importante porque grava la renta producida dentro del territorio de la Rep\u00fablica y, al mismo tiempo, reconoce ciertos supuestos de renta no producida en Panam\u00e1 en operaciones internacionales. A ello se suman plataformas especiales como Panam\u00e1 Pac\u00edfico, SEM y EMMA, que ofrecen beneficios fiscales, administrativos y operativos pensados para atraer inversi\u00f3n, empleo y actividad regional. Esa combinaci\u00f3n ha sido, por a\u00f1os, una de las razones por las que Panam\u00e1 resulta atractivo para grupos empresariales, holdings, centros de servicios y operaciones internacionales.<\/p>\n<p style=\"text-align: justify;\" data-start=\"1793\" data-end=\"2379\">Sin embargo, precisamente porque Panam\u00e1 ofrece flexibilidad, tambi\u00e9n exige algo que muchas empresas pasan por alto: revisi\u00f3n peri\u00f3dica. El error no suele estar en entrar a un r\u00e9gimen. El error suele aparecer despu\u00e9s, cuando la operaci\u00f3n cambia, la toma de decisiones migra, el negocio evoluciona, los contratos se reordenan y la estructura original deja de reflejar con precisi\u00f3n d\u00f3nde se crea el valor, d\u00f3nde se ejecuta la actividad y d\u00f3nde se asume el riesgo. En ese punto, un r\u00e9gimen puede seguir siendo formalmente v\u00e1lido, pero haber dejado de ser la mejor decisi\u00f3n para la empresa.<\/p>\n<p style=\"text-align: justify;\" data-start=\"2381\" data-end=\"3288\">Desde una perspectiva estrat\u00e9gica, una de las comparaciones m\u00e1s \u00fatiles para Panam\u00e1 es Costa Rica. Mientras Panam\u00e1 combina el r\u00e9gimen territorial con veh\u00edculos especiales como SEM, EMMA y Panam\u00e1 Pac\u00edfico, Costa Rica promociona un modelo m\u00e1s estandarizado de incentivos bajo su r\u00e9gimen de zona franca, con beneficios expresamente definidos por ley, per\u00edodos concretos de exenci\u00f3n o tratamiento preferencial del impuesto sobre la renta y una narrativa de cumplimiento alineada con est\u00e1ndares OCDE y OMC. Esa diferencia es importante. Panam\u00e1 suele ofrecer mayor flexibilidad estructural; Costa Rica, en cambio, suele proyectar mayor estandarizaci\u00f3n y una conexi\u00f3n m\u00e1s visible entre incentivo y huella operativa. En t\u00e9rminos competitivos, Panam\u00e1 puede resultar m\u00e1s vers\u00e1til, pero tambi\u00e9n m\u00e1s expuesto a que una estructura mal revisada sobreviva demasiado tiempo por inercia.<\/p>\n<p style=\"text-align: justify;\" data-start=\"3290\" data-end=\"4075\">Esa es la raz\u00f3n por la cual la revisi\u00f3n peri\u00f3dica de reg\u00edmenes fiscales no debe verse como una formalidad contable. Debe asumirse como un ejercicio de gobierno corporativo y gesti\u00f3n de riesgo. En una revisi\u00f3n seria, la empresa deber\u00eda preguntarse si la licencia o el veh\u00edculo a\u00fan coincide con la actividad real, si la facturaci\u00f3n responde al modelo operativo vigente, si la sustancia local es consistente con el beneficio que se reclama, si los flujos con partes relacionadas siguen siendo defendibles y si la estructura todav\u00eda se puede explicar con claridad ante bancos, auditores, autoridades, contrapartes y grupos internacionales. En otras palabras, la pregunta correcta no es solamente si una empresa todav\u00eda puede permanecer en un r\u00e9gimen, sino si todav\u00eda debe permanecer en \u00e9l.<\/p>\n<p style=\"text-align: justify;\" data-start=\"4077\" data-end=\"5002\">Esto se vuelve particularmente claro en SEM y EMMA. En el caso de SEM, la propia normativa y su gu\u00eda ejecutiva exigen la presentaci\u00f3n de un informe anual jurado dentro de los seis meses siguientes al cierre fiscal, y prev\u00e9n sanciones por incumplimiento. Adem\u00e1s, la l\u00f3gica del r\u00e9gimen sigue siendo que la sede preste servicios al grupo empresarial dentro del \u00e1mbito autorizado. En EMMA, el r\u00e9gimen no solo concede una tarifa reducida del impuesto sobre la renta, sino que tambi\u00e9n exige sustancia real en Panam\u00e1, incluyendo personal calificado a tiempo completo y gastos operativos adecuados, adem\u00e1s de obligaciones de precios de transferencia y el recordatorio expreso de que los beneficios recaen en la titular de la licencia y no en terceros proveedores. Estos detalles son precisamente los que convierten una revisi\u00f3n peri\u00f3dica en una necesidad jur\u00eddica y no en un lujo administrativo.<\/p>\n<p style=\"text-align: justify;\" data-start=\"5004\" data-end=\"5616\">Panam\u00e1 Pac\u00edfico merece una lectura similar. Su valor no descansa \u00fanicamente en exenciones o alivios tributarios, sino tambi\u00e9n en estabilidad jur\u00eddica, centralizaci\u00f3n de tr\u00e1mites y flexibilidad administrativa, laboral y migratoria. Pero esas ventajas pierden fuerza cuando la empresa ya no est\u00e1 organizada de un modo compatible con el r\u00e9gimen que la ampara, o cuando el negocio ha crecido hacia actividades, mercados o cadenas de valor que ya no encajan limpiamente en la estructura original. En ese momento, la estabilidad no sustituye a la revisi\u00f3n; la hace m\u00e1s importante.<\/p>\n<p style=\"text-align: justify;\" data-start=\"5618\" data-end=\"6397\">Hay, adem\u00e1s, un elemento reputacional que hoy no puede ignorarse. Panam\u00e1 contin\u00faa incluido en la lista de jurisdicciones no cooperadoras de la Uni\u00f3n Europea actualizada el 17 de febrero de 2026. Independientemente de la valoraci\u00f3n pol\u00edtica que cada uno tenga sobre esa lista, lo cierto es que su existencia aumenta el escrutinio sobre estructuras internacionales vinculadas a Panam\u00e1. Por eso, la revisi\u00f3n peri\u00f3dica ya no es solo una cuesti\u00f3n de ahorro fiscal o eficiencia operativa. Tambi\u00e9n es una cuesti\u00f3n de narrativa corporativa, bancabilidad, cumplimiento ampliado y defensa reputacional. En el entorno actual, la estructura correcta no es \u00fanicamente la que genera beneficios; es la que resiste preguntas inc\u00f3modas sin perder coherencia.<\/p>\n<p style=\"text-align: justify;\" data-start=\"6399\" data-end=\"7032\">Desde <strong>EDTIJ<\/strong>, el punto no es desalentar el uso de reg\u00edmenes fiscales ni deslegitimar la planificaci\u00f3n internacional. Ser\u00eda un error. Panam\u00e1 sigue teniendo herramientas valiosas y perfectamente utilizables dentro de la ley. El punto real es otro: las estructuras deben revisarse con la misma disciplina con la que se revisa una inversi\u00f3n, una expansi\u00f3n o una reorganizaci\u00f3n corporativa. Porque una estructura puede seguir siendo legal y haber dejado de ser inteligente. Puede seguir produciendo ahorro y, aun as\u00ed, generar m\u00e1s exposici\u00f3n de la que justifica. Puede seguir viva en los documentos y haber perdido ya su l\u00f3gica empresarial.<\/p>\n<p style=\"text-align: justify;\" data-start=\"7034\" data-end=\"7415\">La mejor decisi\u00f3n no siempre es salir de un r\u00e9gimen. A veces es ajustar licencias, separar actividades, reforzar sustancia, corregir documentaci\u00f3n, revisar contratos intragrupo, reordenar funciones o redise\u00f1ar la arquitectura corporativa. Pero para saberlo, primero hay que revisar. Y revisar a tiempo, en materia fiscal y corporativa, casi siempre cuesta menos que defender tarde.<\/p>\n<p data-start=\"7034\" data-end=\"7415\">#Panam\u00e1 #RegimenesFiscales #DerechoCorporativo #FiscalidadInternacional #SustanciaEcon\u00f3mica #GobernanzaCorporativa #Cumplimiento #SEM #EMMA #PanamaPacifico<\/p>\n","protected":false},"excerpt":{"rendered":"<p>En Panam\u00e1, hablar de reg\u00edmenes fiscales no equivale solamente a hablar de incentivos. Tambi\u00e9n significa hablar de estructura, coherencia operativa y capacidad de defensa. El sistema paname\u00f1o conserva una ventaja competitiva importante porque grava la renta producida dentro del territorio de la Rep\u00fablica y, al mismo tiempo, reconoce ciertos supuestos de renta no producida en [&hellip;]<\/p>\n","protected":false},"author":5,"featured_media":0,"comment_status":"open","ping_status":"open","sticky":false,"template":"","format":"standard","meta":{"_joinchat":[],"footnotes":""},"categories":[1,6],"tags":[],"class_list":["post-2820","post","type-post","status-publish","format-standard","hentry","category-mantente-informado","category-articulo"],"yoast_head":"<!-- This site is optimized with the Yoast SEO plugin v27.4 - https:\/\/yoast.com\/product\/yoast-seo-wordpress\/ -->\n<title>Revisi\u00f3n peri\u00f3dica de reg\u00edmenes fiscales en Panam\u00e1: cu\u00e1ndo una estructura deja de convenir - EDTIJ - Abogados en Panam\u00e1<\/title>\n<meta name=\"description\" content=\"La revisi\u00f3n peri\u00f3dica de reg\u00edmenes fiscales en Panam\u00e1 es clave para evaluar si el r\u00e9gimen territorial, SEM, EMMA o Panam\u00e1 Pac\u00edfico siguen siendo eficientes, defendibles y coherentes con la operaci\u00f3n real.\" \/>\n<meta name=\"robots\" content=\"index, follow, max-snippet:-1, max-image-preview:large, max-video-preview:-1\" \/>\n<link rel=\"canonical\" href=\"https:\/\/www.edtij.com\/esp\/revision-regimenes-fiscales-panama\/\" \/>\n<meta property=\"og:locale\" content=\"es_ES\" \/>\n<meta property=\"og:type\" content=\"article\" \/>\n<meta property=\"og:title\" content=\"Revisi\u00f3n peri\u00f3dica de reg\u00edmenes fiscales en Panam\u00e1: cu\u00e1ndo una estructura deja de convenir - EDTIJ - Abogados en Panam\u00e1\" \/>\n<meta property=\"og:description\" content=\"La revisi\u00f3n peri\u00f3dica de reg\u00edmenes fiscales en Panam\u00e1 es clave para evaluar si el r\u00e9gimen territorial, SEM, EMMA o Panam\u00e1 Pac\u00edfico siguen siendo eficientes, defendibles y coherentes con la operaci\u00f3n real.\" \/>\n<meta property=\"og:url\" content=\"https:\/\/www.edtij.com\/esp\/revision-regimenes-fiscales-panama\/\" \/>\n<meta property=\"og:site_name\" content=\"EDTIJ - Abogados en Panam\u00e1\" \/>\n<meta property=\"article:published_time\" content=\"2026-03-24T13:30:46+00:00\" \/>\n<meta property=\"og:image\" content=\"https:\/\/www.edtij.com\/esp\/wp-content\/uploads\/2026\/03\/ChatGPT-Image-22-mar-2026-21_50_02-1024x683.png\" \/>\n\t<meta property=\"og:image:width\" content=\"1024\" \/>\n\t<meta property=\"og:image:height\" content=\"683\" \/>\n\t<meta property=\"og:image:type\" content=\"image\/png\" \/>\n<meta name=\"author\" content=\"admin23\" \/>\n<meta name=\"twitter:card\" content=\"summary_large_image\" \/>\n<meta name=\"twitter:creator\" content=\"@EDTIJabogados\" \/>\n<meta name=\"twitter:label1\" content=\"Escrito por\" \/>\n\t<meta name=\"twitter:data1\" content=\"admin23\" \/>\n\t<meta name=\"twitter:label2\" content=\"Tiempo de lectura\" \/>\n\t<meta name=\"twitter:data2\" content=\"5 minutos\" \/>\n<script type=\"application\/ld+json\" class=\"yoast-schema-graph\">{\"@context\":\"https:\\\/\\\/schema.org\",\"@graph\":[{\"@type\":\"Article\",\"@id\":\"https:\\\/\\\/www.edtij.com\\\/esp\\\/revision-regimenes-fiscales-panama\\\/#article\",\"isPartOf\":{\"@id\":\"https:\\\/\\\/www.edtij.com\\\/esp\\\/revision-regimenes-fiscales-panama\\\/\"},\"author\":{\"name\":\"admin23\",\"@id\":\"https:\\\/\\\/www.edtij.com\\\/esp\\\/#\\\/schema\\\/person\\\/fd977ddc7173eb9a628bd21d863abc00\"},\"headline\":\"Revisi\u00f3n peri\u00f3dica de reg\u00edmenes fiscales en Panam\u00e1: cu\u00e1ndo una estructura deja de convenir\",\"datePublished\":\"2026-03-24T13:30:46+00:00\",\"mainEntityOfPage\":{\"@id\":\"https:\\\/\\\/www.edtij.com\\\/esp\\\/revision-regimenes-fiscales-panama\\\/\"},\"wordCount\":1072,\"commentCount\":0,\"image\":{\"@id\":\"https:\\\/\\\/www.edtij.com\\\/esp\\\/revision-regimenes-fiscales-panama\\\/#primaryimage\"},\"thumbnailUrl\":\"https:\\\/\\\/www.edtij.com\\\/esp\\\/wp-content\\\/uploads\\\/2026\\\/03\\\/ChatGPT-Image-22-mar-2026-21_50_02-300x200.png\",\"articleSection\":[\"Actualidad\",\"Art\u00edculos\"],\"inLanguage\":\"es\",\"potentialAction\":[{\"@type\":\"CommentAction\",\"name\":\"Comment\",\"target\":[\"https:\\\/\\\/www.edtij.com\\\/esp\\\/revision-regimenes-fiscales-panama\\\/#respond\"]}]},{\"@type\":\"WebPage\",\"@id\":\"https:\\\/\\\/www.edtij.com\\\/esp\\\/revision-regimenes-fiscales-panama\\\/\",\"url\":\"https:\\\/\\\/www.edtij.com\\\/esp\\\/revision-regimenes-fiscales-panama\\\/\",\"name\":\"Revisi\u00f3n peri\u00f3dica de reg\u00edmenes fiscales en Panam\u00e1: cu\u00e1ndo una estructura deja de convenir - EDTIJ - Abogados en Panam\u00e1\",\"isPartOf\":{\"@id\":\"https:\\\/\\\/www.edtij.com\\\/esp\\\/#website\"},\"primaryImageOfPage\":{\"@id\":\"https:\\\/\\\/www.edtij.com\\\/esp\\\/revision-regimenes-fiscales-panama\\\/#primaryimage\"},\"image\":{\"@id\":\"https:\\\/\\\/www.edtij.com\\\/esp\\\/revision-regimenes-fiscales-panama\\\/#primaryimage\"},\"thumbnailUrl\":\"https:\\\/\\\/www.edtij.com\\\/esp\\\/wp-content\\\/uploads\\\/2026\\\/03\\\/ChatGPT-Image-22-mar-2026-21_50_02-300x200.png\",\"datePublished\":\"2026-03-24T13:30:46+00:00\",\"author\":{\"@id\":\"https:\\\/\\\/www.edtij.com\\\/esp\\\/#\\\/schema\\\/person\\\/fd977ddc7173eb9a628bd21d863abc00\"},\"description\":\"La revisi\u00f3n peri\u00f3dica de reg\u00edmenes fiscales en Panam\u00e1 es clave para evaluar si el r\u00e9gimen territorial, SEM, EMMA o Panam\u00e1 Pac\u00edfico siguen siendo eficientes, defendibles y coherentes con la operaci\u00f3n real.\",\"breadcrumb\":{\"@id\":\"https:\\\/\\\/www.edtij.com\\\/esp\\\/revision-regimenes-fiscales-panama\\\/#breadcrumb\"},\"inLanguage\":\"es\",\"potentialAction\":[{\"@type\":\"ReadAction\",\"target\":[\"https:\\\/\\\/www.edtij.com\\\/esp\\\/revision-regimenes-fiscales-panama\\\/\"]}]},{\"@type\":\"ImageObject\",\"inLanguage\":\"es\",\"@id\":\"https:\\\/\\\/www.edtij.com\\\/esp\\\/revision-regimenes-fiscales-panama\\\/#primaryimage\",\"url\":\"https:\\\/\\\/www.edtij.com\\\/esp\\\/wp-content\\\/uploads\\\/2026\\\/03\\\/ChatGPT-Image-22-mar-2026-21_50_02.png\",\"contentUrl\":\"https:\\\/\\\/www.edtij.com\\\/esp\\\/wp-content\\\/uploads\\\/2026\\\/03\\\/ChatGPT-Image-22-mar-2026-21_50_02.png\",\"width\":1536,\"height\":1024},{\"@type\":\"BreadcrumbList\",\"@id\":\"https:\\\/\\\/www.edtij.com\\\/esp\\\/revision-regimenes-fiscales-panama\\\/#breadcrumb\",\"itemListElement\":[{\"@type\":\"ListItem\",\"position\":1,\"name\":\"Portada\",\"item\":\"https:\\\/\\\/www.edtij.com\\\/esp\\\/\"},{\"@type\":\"ListItem\",\"position\":2,\"name\":\"Revisi\u00f3n peri\u00f3dica de reg\u00edmenes fiscales en Panam\u00e1: cu\u00e1ndo una estructura deja de convenir\"}]},{\"@type\":\"WebSite\",\"@id\":\"https:\\\/\\\/www.edtij.com\\\/esp\\\/#website\",\"url\":\"https:\\\/\\\/www.edtij.com\\\/esp\\\/\",\"name\":\"EDTIJ - Abogados en Panam\u00e1\",\"description\":\"\",\"potentialAction\":[{\"@type\":\"SearchAction\",\"target\":{\"@type\":\"EntryPoint\",\"urlTemplate\":\"https:\\\/\\\/www.edtij.com\\\/esp\\\/?s={search_term_string}\"},\"query-input\":{\"@type\":\"PropertyValueSpecification\",\"valueRequired\":true,\"valueName\":\"search_term_string\"}}],\"inLanguage\":\"es\"},{\"@type\":\"Person\",\"@id\":\"https:\\\/\\\/www.edtij.com\\\/esp\\\/#\\\/schema\\\/person\\\/fd977ddc7173eb9a628bd21d863abc00\",\"name\":\"admin23\",\"image\":{\"@type\":\"ImageObject\",\"inLanguage\":\"es\",\"@id\":\"https:\\\/\\\/secure.gravatar.com\\\/avatar\\\/7e74e660650ec888994388bc85ce89befcadfc95725a76a2e389f46764785e50?s=96&d=mm&r=g\",\"url\":\"https:\\\/\\\/secure.gravatar.com\\\/avatar\\\/7e74e660650ec888994388bc85ce89befcadfc95725a76a2e389f46764785e50?s=96&d=mm&r=g\",\"contentUrl\":\"https:\\\/\\\/secure.gravatar.com\\\/avatar\\\/7e74e660650ec888994388bc85ce89befcadfc95725a76a2e389f46764785e50?s=96&d=mm&r=g\",\"caption\":\"admin23\"},\"sameAs\":[\"http:\\\/\\\/www.edtij.com\",\"https:\\\/\\\/www.linkedin.com\\\/company\\\/escobar-della-togna-icaza-jurado\",\"https:\\\/\\\/x.com\\\/EDTIJabogados\"],\"url\":\"https:\\\/\\\/www.edtij.com\\\/esp\\\/author\\\/admin23\\\/\"}]}<\/script>\n<!-- \/ Yoast SEO plugin. -->","yoast_head_json":{"title":"Revisi\u00f3n peri\u00f3dica de reg\u00edmenes fiscales en Panam\u00e1: cu\u00e1ndo una estructura deja de convenir - EDTIJ - Abogados en Panam\u00e1","description":"La revisi\u00f3n peri\u00f3dica de reg\u00edmenes fiscales en Panam\u00e1 es clave para evaluar si el r\u00e9gimen territorial, SEM, EMMA o Panam\u00e1 Pac\u00edfico siguen siendo eficientes, defendibles y coherentes con la operaci\u00f3n real.","robots":{"index":"index","follow":"follow","max-snippet":"max-snippet:-1","max-image-preview":"max-image-preview:large","max-video-preview":"max-video-preview:-1"},"canonical":"https:\/\/www.edtij.com\/esp\/revision-regimenes-fiscales-panama\/","og_locale":"es_ES","og_type":"article","og_title":"Revisi\u00f3n peri\u00f3dica de reg\u00edmenes fiscales en Panam\u00e1: cu\u00e1ndo una estructura deja de convenir - EDTIJ - Abogados en Panam\u00e1","og_description":"La revisi\u00f3n peri\u00f3dica de reg\u00edmenes fiscales en Panam\u00e1 es clave para evaluar si el r\u00e9gimen territorial, SEM, EMMA o Panam\u00e1 Pac\u00edfico siguen siendo eficientes, defendibles y coherentes con la operaci\u00f3n real.","og_url":"https:\/\/www.edtij.com\/esp\/revision-regimenes-fiscales-panama\/","og_site_name":"EDTIJ - Abogados en Panam\u00e1","article_published_time":"2026-03-24T13:30:46+00:00","og_image":[{"width":1024,"height":683,"url":"https:\/\/www.edtij.com\/esp\/wp-content\/uploads\/2026\/03\/ChatGPT-Image-22-mar-2026-21_50_02-1024x683.png","type":"image\/png"}],"author":"admin23","twitter_card":"summary_large_image","twitter_creator":"@EDTIJabogados","twitter_misc":{"Escrito por":"admin23","Tiempo de lectura":"5 minutos"},"schema":{"@context":"https:\/\/schema.org","@graph":[{"@type":"Article","@id":"https:\/\/www.edtij.com\/esp\/revision-regimenes-fiscales-panama\/#article","isPartOf":{"@id":"https:\/\/www.edtij.com\/esp\/revision-regimenes-fiscales-panama\/"},"author":{"name":"admin23","@id":"https:\/\/www.edtij.com\/esp\/#\/schema\/person\/fd977ddc7173eb9a628bd21d863abc00"},"headline":"Revisi\u00f3n peri\u00f3dica de reg\u00edmenes fiscales en Panam\u00e1: cu\u00e1ndo una estructura deja de convenir","datePublished":"2026-03-24T13:30:46+00:00","mainEntityOfPage":{"@id":"https:\/\/www.edtij.com\/esp\/revision-regimenes-fiscales-panama\/"},"wordCount":1072,"commentCount":0,"image":{"@id":"https:\/\/www.edtij.com\/esp\/revision-regimenes-fiscales-panama\/#primaryimage"},"thumbnailUrl":"https:\/\/www.edtij.com\/esp\/wp-content\/uploads\/2026\/03\/ChatGPT-Image-22-mar-2026-21_50_02-300x200.png","articleSection":["Actualidad","Art\u00edculos"],"inLanguage":"es","potentialAction":[{"@type":"CommentAction","name":"Comment","target":["https:\/\/www.edtij.com\/esp\/revision-regimenes-fiscales-panama\/#respond"]}]},{"@type":"WebPage","@id":"https:\/\/www.edtij.com\/esp\/revision-regimenes-fiscales-panama\/","url":"https:\/\/www.edtij.com\/esp\/revision-regimenes-fiscales-panama\/","name":"Revisi\u00f3n peri\u00f3dica de reg\u00edmenes fiscales en Panam\u00e1: cu\u00e1ndo una estructura deja de convenir - EDTIJ - Abogados en Panam\u00e1","isPartOf":{"@id":"https:\/\/www.edtij.com\/esp\/#website"},"primaryImageOfPage":{"@id":"https:\/\/www.edtij.com\/esp\/revision-regimenes-fiscales-panama\/#primaryimage"},"image":{"@id":"https:\/\/www.edtij.com\/esp\/revision-regimenes-fiscales-panama\/#primaryimage"},"thumbnailUrl":"https:\/\/www.edtij.com\/esp\/wp-content\/uploads\/2026\/03\/ChatGPT-Image-22-mar-2026-21_50_02-300x200.png","datePublished":"2026-03-24T13:30:46+00:00","author":{"@id":"https:\/\/www.edtij.com\/esp\/#\/schema\/person\/fd977ddc7173eb9a628bd21d863abc00"},"description":"La revisi\u00f3n peri\u00f3dica de reg\u00edmenes fiscales en Panam\u00e1 es clave para evaluar si el r\u00e9gimen territorial, SEM, EMMA o Panam\u00e1 Pac\u00edfico siguen siendo eficientes, defendibles y coherentes con la operaci\u00f3n real.","breadcrumb":{"@id":"https:\/\/www.edtij.com\/esp\/revision-regimenes-fiscales-panama\/#breadcrumb"},"inLanguage":"es","potentialAction":[{"@type":"ReadAction","target":["https:\/\/www.edtij.com\/esp\/revision-regimenes-fiscales-panama\/"]}]},{"@type":"ImageObject","inLanguage":"es","@id":"https:\/\/www.edtij.com\/esp\/revision-regimenes-fiscales-panama\/#primaryimage","url":"https:\/\/www.edtij.com\/esp\/wp-content\/uploads\/2026\/03\/ChatGPT-Image-22-mar-2026-21_50_02.png","contentUrl":"https:\/\/www.edtij.com\/esp\/wp-content\/uploads\/2026\/03\/ChatGPT-Image-22-mar-2026-21_50_02.png","width":1536,"height":1024},{"@type":"BreadcrumbList","@id":"https:\/\/www.edtij.com\/esp\/revision-regimenes-fiscales-panama\/#breadcrumb","itemListElement":[{"@type":"ListItem","position":1,"name":"Portada","item":"https:\/\/www.edtij.com\/esp\/"},{"@type":"ListItem","position":2,"name":"Revisi\u00f3n peri\u00f3dica de reg\u00edmenes fiscales en Panam\u00e1: cu\u00e1ndo una estructura deja de convenir"}]},{"@type":"WebSite","@id":"https:\/\/www.edtij.com\/esp\/#website","url":"https:\/\/www.edtij.com\/esp\/","name":"EDTIJ - Abogados en Panam\u00e1","description":"","potentialAction":[{"@type":"SearchAction","target":{"@type":"EntryPoint","urlTemplate":"https:\/\/www.edtij.com\/esp\/?s={search_term_string}"},"query-input":{"@type":"PropertyValueSpecification","valueRequired":true,"valueName":"search_term_string"}}],"inLanguage":"es"},{"@type":"Person","@id":"https:\/\/www.edtij.com\/esp\/#\/schema\/person\/fd977ddc7173eb9a628bd21d863abc00","name":"admin23","image":{"@type":"ImageObject","inLanguage":"es","@id":"https:\/\/secure.gravatar.com\/avatar\/7e74e660650ec888994388bc85ce89befcadfc95725a76a2e389f46764785e50?s=96&d=mm&r=g","url":"https:\/\/secure.gravatar.com\/avatar\/7e74e660650ec888994388bc85ce89befcadfc95725a76a2e389f46764785e50?s=96&d=mm&r=g","contentUrl":"https:\/\/secure.gravatar.com\/avatar\/7e74e660650ec888994388bc85ce89befcadfc95725a76a2e389f46764785e50?s=96&d=mm&r=g","caption":"admin23"},"sameAs":["http:\/\/www.edtij.com","https:\/\/www.linkedin.com\/company\/escobar-della-togna-icaza-jurado","https:\/\/x.com\/EDTIJabogados"],"url":"https:\/\/www.edtij.com\/esp\/author\/admin23\/"}]}},"_links":{"self":[{"href":"https:\/\/www.edtij.com\/esp\/wp-json\/wp\/v2\/posts\/2820","targetHints":{"allow":["GET"]}}],"collection":[{"href":"https:\/\/www.edtij.com\/esp\/wp-json\/wp\/v2\/posts"}],"about":[{"href":"https:\/\/www.edtij.com\/esp\/wp-json\/wp\/v2\/types\/post"}],"author":[{"embeddable":true,"href":"https:\/\/www.edtij.com\/esp\/wp-json\/wp\/v2\/users\/5"}],"replies":[{"embeddable":true,"href":"https:\/\/www.edtij.com\/esp\/wp-json\/wp\/v2\/comments?post=2820"}],"version-history":[{"count":1,"href":"https:\/\/www.edtij.com\/esp\/wp-json\/wp\/v2\/posts\/2820\/revisions"}],"predecessor-version":[{"id":2821,"href":"https:\/\/www.edtij.com\/esp\/wp-json\/wp\/v2\/posts\/2820\/revisions\/2821"}],"wp:attachment":[{"href":"https:\/\/www.edtij.com\/esp\/wp-json\/wp\/v2\/media?parent=2820"}],"wp:term":[{"taxonomy":"category","embeddable":true,"href":"https:\/\/www.edtij.com\/esp\/wp-json\/wp\/v2\/categories?post=2820"},{"taxonomy":"post_tag","embeddable":true,"href":"https:\/\/www.edtij.com\/esp\/wp-json\/wp\/v2\/tags?post=2820"}],"curies":[{"name":"wp","href":"https:\/\/api.w.org\/{rel}","templated":true}]}}